{"id":4954,"date":"2026-04-01T10:05:10","date_gmt":"2026-04-01T08:05:10","guid":{"rendered":"https:\/\/wuermlesbader.de\/wp\/?p=4954"},"modified":"2026-04-01T10:05:10","modified_gmt":"2026-04-01T08:05:10","slug":"cappy-muetze-kopfbedeckung","status":"publish","type":"post","link":"https:\/\/wuermlesbader.de\/wp\/?p=4954","title":{"rendered":"Cappy, M\u00fctze, Kopfbedeckung"},"content":{"rendered":"<p>Diese Kopfbedeckungen waren an der Jahreshauptversammlung schon vorgestellt worden und f\u00fcr die Vorstellung auf der Vereinswebseite abgestimmt.<br \/>\nDaher k\u00f6nnt ihr hier eine Kopfbedeckung f\u00fcr 12,- Euro erwerben mit dem Vereinslogo drauf.<br \/>\nKontakt \u00fcber mich, kassier@wuermlesbader.de, ich werde bis Mai Bestellungen sammeln und diese dann in Auftrag geben.<\/p>\n<p><img loading=\"lazy\" decoding=\"async\" src=\"https:\/\/wuermlesbader.de\/wp\/wp-content\/uploads\/2026\/04\/Wollmuetze-300x293.jpg\" alt=\"\" width=\"200\" height=\"293\" class=\"alignnone size-medium wp-image-4953\" \/><br \/>\n<img loading=\"lazy\" decoding=\"async\" src=\"https:\/\/wuermlesbader.de\/wp\/wp-content\/uploads\/2026\/04\/Basecap-300x293.jpg\" alt=\"\" width=\"200\" height=\"293\" class=\"alignnone size-medium wp-image-4952\" \/><\/p>\n","protected":false},"excerpt":{"rendered":"<p>Diese Kopfbedeckungen waren an der Jahreshauptversammlung schon vorgestellt worden und f\u00fcr die Vorstellung auf der Vereinswebseite abgestimmt. Daher k\u00f6nnt ihr hier eine Kopfbedeckung f\u00fcr 12,- Euro erwerben mit dem Vereinslogo drauf. Kontakt \u00fcber mich, kassier@wuermlesbader.de, ich werde bis Mai Bestellungen sammeln und diese dann in Auftrag geben.<\/p>\n","protected":false},"author":6,"featured_media":0,"comment_status":"open","ping_status":"open","sticky":false,"template":"","format":"standard","meta":{"footnotes":""},"categories":[1,3],"tags":[],"class_list":["post-4954","post","type-post","status-publish","format-standard","hentry","category-allgemein","category-angeln","item-wrap"],"_links":{"self":[{"href":"https:\/\/wuermlesbader.de\/wp\/index.php?rest_route=\/wp\/v2\/posts\/4954","targetHints":{"allow":["GET"]}}],"collection":[{"href":"https:\/\/wuermlesbader.de\/wp\/index.php?rest_route=\/wp\/v2\/posts"}],"about":[{"href":"https:\/\/wuermlesbader.de\/wp\/index.php?rest_route=\/wp\/v2\/types\/post"}],"author":[{"embeddable":true,"href":"https:\/\/wuermlesbader.de\/wp\/index.php?rest_route=\/wp\/v2\/users\/6"}],"replies":[{"embeddable":true,"href":"https:\/\/wuermlesbader.de\/wp\/index.php?rest_route=%2Fwp%2Fv2%2Fcomments&post=4954"}],"version-history":[{"count":3,"href":"https:\/\/wuermlesbader.de\/wp\/index.php?rest_route=\/wp\/v2\/posts\/4954\/revisions"}],"predecessor-version":[{"id":4957,"href":"https:\/\/wuermlesbader.de\/wp\/index.php?rest_route=\/wp\/v2\/posts\/4954\/revisions\/4957"}],"wp:attachment":[{"href":"https:\/\/wuermlesbader.de\/wp\/index.php?rest_route=%2Fwp%2Fv2%2Fmedia&parent=4954"}],"wp:term":[{"taxonomy":"category","embeddable":true,"href":"https:\/\/wuermlesbader.de\/wp\/index.php?rest_route=%2Fwp%2Fv2%2Fcategories&post=4954"},{"taxonomy":"post_tag","embeddable":true,"href":"https:\/\/wuermlesbader.de\/wp\/index.php?rest_route=%2Fwp%2Fv2%2Ftags&post=4954"}],"curies":[{"name":"wp","href":"https:\/\/api.w.org\/{rel}","templated":true}]}}