{"id":2740,"date":"2018-01-22T14:15:35","date_gmt":"2018-01-22T13:15:35","guid":{"rendered":"http:\/\/wuermlesbader.de\/wp\/?p=2740"},"modified":"2018-01-22T14:15:35","modified_gmt":"2018-01-22T13:15:35","slug":"vorverkauf-laeuft-ori-fasching-am-3-2-2018","status":"publish","type":"post","link":"https:\/\/wuermlesbader.de\/wp\/?p=2740","title":{"rendered":"Vorverkauf l\u00e4uft &#8211; Ori-Fasching am 3.2.2018"},"content":{"rendered":"<p><a href=\"http:\/\/wuermlesbader.de\/wp\/wp-content\/uploads\/2018\/01\/DSC_0134.jpg\"><img loading=\"lazy\" decoding=\"async\" class=\"alignleft size-medium wp-image-2741\" src=\"http:\/\/wuermlesbader.de\/wp\/wp-content\/uploads\/2018\/01\/DSC_0134-300x200.jpg\" alt=\"\" width=\"300\" height=\"200\" srcset=\"https:\/\/wuermlesbader.de\/wp\/wp-content\/uploads\/2018\/01\/DSC_0134-300x200.jpg 300w, https:\/\/wuermlesbader.de\/wp\/wp-content\/uploads\/2018\/01\/DSC_0134-768x512.jpg 768w, https:\/\/wuermlesbader.de\/wp\/wp-content\/uploads\/2018\/01\/DSC_0134-1024x683.jpg 1024w, https:\/\/wuermlesbader.de\/wp\/wp-content\/uploads\/2018\/01\/DSC_0134-450x300.jpg 450w\" sizes=\"auto, (max-width: 300px) 100vw, 300px\" \/><\/a>Am 3. Februar feiern wir wieder Ori-Fasching! Die Karten sind bei den bekannten und bew\u00e4hrten Stellen erh\u00e4ltlich (Salon Kosta, B\u00e4ckerei Laier, Landmarkt Stolz) und die Helfer sind in den Startl\u00f6chern.<br \/>\nEinlass ist ab 19.00, Beginn um 20.00 Uhr.<\/p>\n","protected":false},"excerpt":{"rendered":"<p>Am 3. Februar feiern wir wieder Ori-Fasching! Die Karten sind bei den bekannten und bew\u00e4hrten Stellen erh\u00e4ltlich (Salon Kosta, B\u00e4ckerei Laier, Landmarkt Stolz) und die Helfer sind in den Startl\u00f6chern. Einlass ist ab 19.00, Beginn um 20.00 Uhr.<\/p>\n","protected":false},"author":2,"featured_media":0,"comment_status":"open","ping_status":"open","sticky":false,"template":"","format":"standard","meta":{"footnotes":""},"categories":[1],"tags":[],"class_list":["post-2740","post","type-post","status-publish","format-standard","hentry","category-allgemein","item-wrap"],"_links":{"self":[{"href":"https:\/\/wuermlesbader.de\/wp\/index.php?rest_route=\/wp\/v2\/posts\/2740","targetHints":{"allow":["GET"]}}],"collection":[{"href":"https:\/\/wuermlesbader.de\/wp\/index.php?rest_route=\/wp\/v2\/posts"}],"about":[{"href":"https:\/\/wuermlesbader.de\/wp\/index.php?rest_route=\/wp\/v2\/types\/post"}],"author":[{"embeddable":true,"href":"https:\/\/wuermlesbader.de\/wp\/index.php?rest_route=\/wp\/v2\/users\/2"}],"replies":[{"embeddable":true,"href":"https:\/\/wuermlesbader.de\/wp\/index.php?rest_route=%2Fwp%2Fv2%2Fcomments&post=2740"}],"version-history":[{"count":1,"href":"https:\/\/wuermlesbader.de\/wp\/index.php?rest_route=\/wp\/v2\/posts\/2740\/revisions"}],"predecessor-version":[{"id":2742,"href":"https:\/\/wuermlesbader.de\/wp\/index.php?rest_route=\/wp\/v2\/posts\/2740\/revisions\/2742"}],"wp:attachment":[{"href":"https:\/\/wuermlesbader.de\/wp\/index.php?rest_route=%2Fwp%2Fv2%2Fmedia&parent=2740"}],"wp:term":[{"taxonomy":"category","embeddable":true,"href":"https:\/\/wuermlesbader.de\/wp\/index.php?rest_route=%2Fwp%2Fv2%2Fcategories&post=2740"},{"taxonomy":"post_tag","embeddable":true,"href":"https:\/\/wuermlesbader.de\/wp\/index.php?rest_route=%2Fwp%2Fv2%2Ftags&post=2740"}],"curies":[{"name":"wp","href":"https:\/\/api.w.org\/{rel}","templated":true}]}}